{"id":1385,"date":"2011-10-04T12:28:39","date_gmt":"2011-10-04T16:28:39","guid":{"rendered":"http:\/\/patrimoinepotton.org\/?p=1385"},"modified":"2011-10-04T12:34:46","modified_gmt":"2011-10-04T16:34:46","slug":"ma-plus-belle-photo-de-potton","status":"publish","type":"post","link":"https:\/\/patrimoinepotton.org\/?p=1385","title":{"rendered":"Ma plus belle photo de Potton"},"content":{"rendered":"<p style=\"text-align: center;\">L\u2019Association du patrimoine de Potton pr\u00e9sente :<br \/>\n<span style=\"color: #0000ff;\">du 4 au 29 octobre 2011<\/span><br \/>\nBiblioth\u00e8que municipale de Potton<br \/>\nH\u00f4tel de Ville &#8211; Mansonville<\/p>\n<p>L\u2019exposition <em><strong>Ma plus belle photo de Potton<\/strong><\/em>,<br \/>\norganis\u00e9e par Jean-Fran\u00e7ois Boulais<\/p>\n<p>Au printemps dernier, l\u2019Association du patrimoine de Potton d\u00e9cidait d\u2019organiser une exposition \u00e0 l\u2019intention des photographes qui participent au Concours annuel de photo de l\u2019Association qui se tient chaque ann\u00e9e au d\u00e9but du mois d\u2019ao\u00fbt.<\/p>\n<p>Voici le r\u00e9sultat : 45 photographies prises par 19 photographes qui illustrent leur vision du paysage pottonais, l\u2019endroit o\u00f9 nous avons choisi de vivre de fa\u00e7on permanente ou occasionnelle et que nous aimons.<\/p>\n<p>Elles sont produites par des amateurs et demandent donc l\u2019indulgence des yeux professionnels!<\/p>\n<p>Nous esp\u00e9rons que vous y trouverez mati\u00e8re \u00e0 inspiration pour que vous aussi, spectateurs, vous osiez vous lancer dans l\u2019aventure de la photographie.<\/p>\n<p>Nous souhaitons que vous soyez encore nombreux \u00e0 participer au Concours annuel de l\u2019Association en ao\u00fbt prochain : le th\u00e8me sera alors : POTTON EN HIVER<\/p>\n<p>&nbsp;<\/p>\n","protected":false},"excerpt":{"rendered":"<p>L\u2019Association du patrimoine de Potton pr\u00e9sente : du 4 au 29 octobre 2011 Biblioth\u00e8que municipale de Potton H\u00f4tel de Ville &#8211; Mansonville L\u2019exposition Ma plus belle photo de Potton, organis\u00e9e par Jean-Fran\u00e7ois Boulais Au printemps dernier, l\u2019Association du patrimoine de Potton d\u00e9cidait d\u2019organiser une exposition \u00e0 l\u2019intention des photographes qui participent au Concours annuel de [&hellip;]<\/p>\n","protected":false},"author":5,"featured_media":0,"comment_status":"closed","ping_status":"closed","sticky":false,"template":"","format":"standard","meta":{"ngg_post_thumbnail":0,"footnotes":""},"categories":[14],"tags":[],"class_list":["post-1385","post","type-post","status-publish","format-standard","hentry","category-expositions-fr"],"_links":{"self":[{"href":"https:\/\/patrimoinepotton.org\/index.php?rest_route=\/wp\/v2\/posts\/1385","targetHints":{"allow":["GET"]}}],"collection":[{"href":"https:\/\/patrimoinepotton.org\/index.php?rest_route=\/wp\/v2\/posts"}],"about":[{"href":"https:\/\/patrimoinepotton.org\/index.php?rest_route=\/wp\/v2\/types\/post"}],"author":[{"embeddable":true,"href":"https:\/\/patrimoinepotton.org\/index.php?rest_route=\/wp\/v2\/users\/5"}],"replies":[{"embeddable":true,"href":"https:\/\/patrimoinepotton.org\/index.php?rest_route=%2Fwp%2Fv2%2Fcomments&post=1385"}],"version-history":[{"count":0,"href":"https:\/\/patrimoinepotton.org\/index.php?rest_route=\/wp\/v2\/posts\/1385\/revisions"}],"wp:attachment":[{"href":"https:\/\/patrimoinepotton.org\/index.php?rest_route=%2Fwp%2Fv2%2Fmedia&parent=1385"}],"wp:term":[{"taxonomy":"category","embeddable":true,"href":"https:\/\/patrimoinepotton.org\/index.php?rest_route=%2Fwp%2Fv2%2Fcategories&post=1385"},{"taxonomy":"post_tag","embeddable":true,"href":"https:\/\/patrimoinepotton.org\/index.php?rest_route=%2Fwp%2Fv2%2Ftags&post=1385"}],"curies":[{"name":"wp","href":"https:\/\/api.w.org\/{rel}","templated":true}]}}