{"id":1795,"date":"2012-04-04T11:35:00","date_gmt":"2012-04-04T15:35:00","guid":{"rendered":"http:\/\/patrimoinepotton.org\/?p=1795"},"modified":"2012-04-04T12:03:00","modified_gmt":"2012-04-04T16:03:00","slug":"merci-hans-bienvenue-sandra","status":"publish","type":"post","link":"https:\/\/patrimoinepotton.org\/?p=1795","title":{"rendered":"Merci Hans &#8230; Bienvenue Sandra"},"content":{"rendered":"<p>La 22<sup>e<\/sup> Assembl\u00e9e g\u00e9n\u00e9rale annuelle de l\u2019Association du patrimoine de Potton, qui s\u2019est tenue le 1<sup>er<\/sup> avril 2012, a \u00e9t\u00e9 l\u2019occasion de remercier Hans Walser pour ses 7 ann\u00e9es \u00e0 la pr\u00e9sidence de l\u2019Association et de souhaiter la bienvenue \u00e0 Sandra Jewett qui prend la rel\u00e8ve.<\/p>\n<figure id=\"attachment_1797\" aria-describedby=\"caption-attachment-1797\" style=\"width: 521px\" class=\"wp-caption aligncenter\"><a href=\"https:\/\/patrimoinepotton.org\/blogue\/wp-content\/uploads\/2012\/04\/AG_2012_01.jpg\"><img loading=\"lazy\" decoding=\"async\" class=\"size-full wp-image-1797\" title=\"AG_2012_01\" src=\"https:\/\/patrimoinepotton.org\/blogue\/wp-content\/uploads\/2012\/04\/AG_2012_01.jpg\" alt=\"Hans et Sandra\" width=\"521\" height=\"462\" srcset=\"https:\/\/patrimoinepotton.org\/blogue\/wp-content\/uploads\/2012\/04\/AG_2012_01.jpg 521w, https:\/\/patrimoinepotton.org\/blogue\/wp-content\/uploads\/2012\/04\/AG_2012_01-300x266.jpg 300w\" sizes=\"auto, (max-width: 521px) 100vw, 521px\" \/><\/a><figcaption id=\"caption-attachment-1797\" class=\"wp-caption-text\">Hans et Sandra - Sculpture de Almut Ellinghaus<\/figcaption><\/figure>\n<p>Nous voyons ici Sandra Jewett qui remet, au nom de tous les membres, \u00a0une sculpture de Almut Ellinghaus, une artiste de la Vall\u00e9e Ruiter<\/p>\n<h2>Voici un mot de notre nouvelle pr\u00e9sidente<\/h2>\n<p>Le poisson d\u2019avril nous a jou\u00e9 des tours lors de notre assembl\u00e9e g\u00e9n\u00e9rale annuelle tenue, le 1<sup>er<\/sup>\u00a0avril.\u00a0 L\u2019absence de Jean-Louis, notre secr\u00e9taire \u2013 retard\u00e9 dans son vol de retour de Cuba, pr\u00e9vu pour samedi \u2013 \u00e9tait bien compr\u00e9hensible.\u00a0 Jacques Huppertz a imm\u00e9diatement pris le crayon \u2013 nomm\u00e9 secr\u00e9taire par int\u00e9rim!\u00a0 En l\u2019absence pr\u00e9vue de notre tr\u00e9sori\u00e8re Yolande, c\u2019est Serge qui a pris la rel\u00e8ve sans aucun probl\u00e8me, avant de pr\u00e9senter son propre rapport \u00e0 titre de webmestre.\u00a0 Carol et \u00c9dith se sont occup\u00e9es de la r\u00e9servation et de la d\u00e9coration chaleureuse de la salle, en plus des arrangements pour le lunch et le service.\u00a0 Un gros merci \u00e0 tous!<\/p>\n<p>Comme vous le savez d\u00e9j\u00e0, Hans a d\u00e9cid\u00e9 de quitter la pr\u00e9sidence de l\u2019APP; la r\u00e9union de dimanche \u00e9tait donc sa derni\u00e8re \u00e0 ce poste &#8212; laissant ainsi un go\u00fbt doux amer.<\/p>\n<p>Pendant ses sept ann\u00e9es \u00e0 la pr\u00e9sidence, Hans a donn\u00e9 tout son possible \u2013 et il faut dire que \u00ab\u00a0<em>le possible<\/em>\u00a0\u00bb de Hans est formidable.\u00a0 Hans nous a men\u00e9s avec sagesse et d\u00e9termination.\u00a0 Sa t\u00e9nacit\u00e9 est bien connue et sa patience, proverbiale!\u00a0 Soulignons que, sous sa pr\u00e9sidence, l\u2019APP a joui d\u2019une excellente sant\u00e9 financi\u00e8re et que les r\u00e9alisations patrimoniales ont \u00e9t\u00e9 impressionnantes, notamment ses deux r\u00e9ussites d\u2019importance majeure \u2013 soit la citation et la sauvegarde de la grange ronde et du pont de la fronti\u00e8re.<\/p>\n<p>Hier, j\u2019ai \u00e9t\u00e9 \u00e9lue pr\u00e9sidente de l\u2019APP \u2013 un honneur que j\u2019ai accept\u00e9.\u00a0 J\u2019ai eu le plaisir et le privil\u00e8ge de dire quelques mots en hommage \u00e0 Hans, que j\u2019aimerais partager ici\u00a0:<\/p>\n<p><em>\u00ab\u00a0Si nous sommes devenus un groupe respect\u00e9, avec lequel il faut compter dans notre coin de pays, nous te le devons. Nous le devons au c\u0153ur, \u00e0 l\u2019\u00e9nergie et au talent que tu nous as consacr\u00e9s. Sans rel\u00e2che, tu t\u2019es appliqu\u00e9 \u00e0 susciter, et \u00e0 soutenir, notre int\u00e9r\u00eat pour les sujets importants de chez nous.<\/em><\/p>\n<p><em>Tu as \u00e9t\u00e9 notre porte-parole et notre image publique. Pendant sept\u00a0ans, tu as incarn\u00e9 le souci de pr\u00e9server le patrimoine de notre canton. Cela ne t\u2019a pas emp\u00each\u00e9 de t\u2019occuper aussi du bien-\u00eatre g\u00e9n\u00e9ral de nos concitoyens. L\u2019avenir montrera tout ce que tu laisses en h\u00e9ritage aux gens de Potton, et ton influence marquera pour longtemps le d\u00e9veloppement de notre village \u2013 ce dont je suis certaine. Tu as \u00e9t\u00e9 d\u2019une extr\u00eame g\u00e9n\u00e9rosit\u00e9\u00a0: pendant des ann\u00e9es, tu as cherch\u00e9, compris, observ\u00e9, agi au sein de nombreux comit\u00e9s; chaque fois, en offrant des observations \u00e0 la fois r\u00e9fl\u00e9chies et concises \u2013 sur des sujets qui en auraient rebut\u00e9 plus d\u2019un. \u00c0 tes coll\u00e8gues des comit\u00e9s, tu as offert toute ton attention, ton professionnalisme et ta vaste exp\u00e9rience. Et tu as exig\u00e9 d\u2019\u00eatre trait\u00e9 de la m\u00eame fa\u00e7on, en retour. On te conna\u00eet, va! Devant quelqu\u2019un d\u2019aussi t\u00eatu que toi, tu reformules ta position, et on ne l\u00e2che pas! Peu d\u2019obstacles, il me semble, t\u2019ont paru insurmontables. Avec toi, cela finit toujours par\u00a0: \u00ab\u00a0Bon, alors, qu\u2019est-ce qu\u2019on fait?\u00a0\u00bb Parfois je me demande si tu n\u2019es pas la victime de ton succ\u00e8s! Avoue qu\u2019on t\u2019a bien fatigu\u00e9!\u00bb<\/em><\/p>\n<p>Il est in\u00e9vitable, lorsqu\u2019on change de pr\u00e9sident ou de leader, que la \u00ab\u00a0saveur\u00a0\u00bb du groupe change aussi.\u00a0 J\u2019ai la ferme intention de respecter l\u2019h\u00e9ritage laiss\u00e9 par nos pr\u00e9sidents ant\u00e9rieurs.\u00a0 J\u2019esp\u00e8re bien pouvoir compter sur votre encouragement et votre int\u00e9r\u00eat continus.\u00a0 J\u2019accomplirai les t\u00e2ches devant moi avec tout mon c\u0153ur et toute ma conviction.<\/p>\n<p>Sinc\u00e8rement,\u00a0 Sandra Jewett<br \/>\n2 avril 2012<\/p>\n<h2>Le conseil d\u2019administration 2012-2013<\/h2>\n<p>Les membres du conseil d\u2019administration pour l\u2019ann\u00e9e 2012 figurent sur la photo suivante dans l\u2019ordre habituel\u00a0: Jacques Huppertz, Denis Lamontagne, Hans Walser, Sandra Jewett, \u00c9dith\u00a0Smeesters, Carol Bishop et Serge Normand. <em>Yolande Lamontagne et Jean-Louis Bertrand ne sont pas pr\u00e9sents sur cette photo.<\/em> Notre cadeau de remerciements \u00e0 Hans y figure aussi, une sculpture de jardin de \u00a0Almut Ellinghaus, artiste de la Vall\u00e9e Ruiter.<\/p>\n<figure id=\"attachment_1799\" aria-describedby=\"caption-attachment-1799\" style=\"width: 896px\" class=\"wp-caption aligncenter\"><a href=\"https:\/\/patrimoinepotton.org\/blogue\/wp-content\/uploads\/2012\/04\/AG_2012_021.jpg\"><img loading=\"lazy\" decoding=\"async\" class=\"size-full wp-image-1799\" title=\"AG_2012_02\" src=\"https:\/\/patrimoinepotton.org\/blogue\/wp-content\/uploads\/2012\/04\/AG_2012_021.jpg\" alt=\"Des membres du CA pour l'ann\u00e9e 2012-2013\" width=\"896\" height=\"355\" srcset=\"https:\/\/patrimoinepotton.org\/blogue\/wp-content\/uploads\/2012\/04\/AG_2012_021.jpg 896w, https:\/\/patrimoinepotton.org\/blogue\/wp-content\/uploads\/2012\/04\/AG_2012_021-300x118.jpg 300w\" sizes=\"auto, (max-width: 896px) 100vw, 896px\" \/><\/a><figcaption id=\"caption-attachment-1799\" class=\"wp-caption-text\">Des membres du CA pour l&#39;ann\u00e9e 2012-2013<\/figcaption><\/figure>\n<p>Nous vous rappelons que le temps est venu de <a href=\"https:\/\/patrimoinepotton.org\/?page_id=100\">renouveler votre adh\u00e9sion<\/a> pour l\u2019ann\u00e9e en cours et nous vous invitons \u00e0 le faire avant le 1<sup>er<\/sup> juillet 2012 puisque le montant passera, pour une inscription familiale, de 30$ \u00e0 35$!<\/p>\n","protected":false},"excerpt":{"rendered":"<p>La 22e Assembl\u00e9e g\u00e9n\u00e9rale annuelle de l\u2019Association du patrimoine de Potton, qui s\u2019est tenue le 1er avril 2012, a \u00e9t\u00e9 l\u2019occasion de remercier Hans Walser pour ses 7 ann\u00e9es \u00e0 la pr\u00e9sidence de l\u2019Association et de souhaiter la bienvenue \u00e0 Sandra Jewett qui prend la rel\u00e8ve. Nous voyons ici Sandra Jewett qui remet, au nom [&hellip;]<\/p>\n","protected":false},"author":5,"featured_media":0,"comment_status":"closed","ping_status":"closed","sticky":false,"template":"","format":"standard","meta":{"ngg_post_thumbnail":0,"footnotes":""},"categories":[5],"tags":[],"class_list":["post-1795","post","type-post","status-publish","format-standard","hentry","category-com-0"],"_links":{"self":[{"href":"https:\/\/patrimoinepotton.org\/index.php?rest_route=\/wp\/v2\/posts\/1795","targetHints":{"allow":["GET"]}}],"collection":[{"href":"https:\/\/patrimoinepotton.org\/index.php?rest_route=\/wp\/v2\/posts"}],"about":[{"href":"https:\/\/patrimoinepotton.org\/index.php?rest_route=\/wp\/v2\/types\/post"}],"author":[{"embeddable":true,"href":"https:\/\/patrimoinepotton.org\/index.php?rest_route=\/wp\/v2\/users\/5"}],"replies":[{"embeddable":true,"href":"https:\/\/patrimoinepotton.org\/index.php?rest_route=%2Fwp%2Fv2%2Fcomments&post=1795"}],"version-history":[{"count":0,"href":"https:\/\/patrimoinepotton.org\/index.php?rest_route=\/wp\/v2\/posts\/1795\/revisions"}],"wp:attachment":[{"href":"https:\/\/patrimoinepotton.org\/index.php?rest_route=%2Fwp%2Fv2%2Fmedia&parent=1795"}],"wp:term":[{"taxonomy":"category","embeddable":true,"href":"https:\/\/patrimoinepotton.org\/index.php?rest_route=%2Fwp%2Fv2%2Fcategories&post=1795"},{"taxonomy":"post_tag","embeddable":true,"href":"https:\/\/patrimoinepotton.org\/index.php?rest_route=%2Fwp%2Fv2%2Ftags&post=1795"}],"curies":[{"name":"wp","href":"https:\/\/api.w.org\/{rel}","templated":true}]}}