{"id":1839,"date":"2012-06-08T14:19:32","date_gmt":"2012-06-08T18:19:32","guid":{"rendered":"http:\/\/patrimoinepotton.org\/?p=1839"},"modified":"2012-07-18T10:46:08","modified_gmt":"2012-07-18T14:46:08","slug":"bulletin-dinformation-no-1","status":"publish","type":"post","link":"https:\/\/patrimoinepotton.org\/?p=1839","title":{"rendered":"Bulletin d&rsquo;information No 1"},"content":{"rendered":"<p>Bonjour \u00e0 tous<\/p>\n<p>D\u00e9j\u00e0 deux mois se sont \u00e9coul\u00e9s depuis l\u2019Assembl\u00e9e g\u00e9n\u00e9rale annuelle, et \u00e0 titre de pr\u00e9sidente de l\u2019Association, je m\u2019\u00e9tais promis de vous faire parvenir de temps en temps un court bulletin d\u2019information; en voici donc la premi\u00e8re \u00e9dition !<\/p>\n<p>Vous avez re\u00e7u le programme des activit\u00e9s et excursions de la saison estivale de 2012. La prochaine excursion, <strong>le 17 juin<\/strong>, vous convie \u00e0 une randonn\u00e9e sur un ancien chemin entre Dunkin et Mansonville qui traverse la colline Clark, du nom de Samuel Clark qui y avait une ferme. C\u2019est Garth Clark, un descendant de la famille, qui est aujourd\u2019hui propri\u00e9taire de ce terrain.<\/p>\n<p>J\u2019aurai le plaisir de vous accueillir au cimeti\u00e8re de Chapel Hill pour vous rappeler quelques faits qui ont marqu\u00e9 l\u2019histoire de Meigs\u2019 Corner, jadis une communaut\u00e9 prosp\u00e8re, et qui ne sont malheureusement pas encore consign\u00e9s dans nos publications.<\/p>\n<p>Vous avez sans doute pris d\u2019excellentes photos au cours de l\u2019hiver dernier, et j\u2019ai bien h\u00e2te de les voir expos\u00e9es au <strong>concours<\/strong> que l\u2019Association organise encore cette ann\u00e9e \u00e0 l\u2019occasion du Festival multiculturel. Les d\u00e9tails de la participation au concours sont bien <a href=\"https:\/\/patrimoinepotton.org\/?page_id=1100\">d\u00e9crits sur notre site Web<\/a>.<\/p>\n<p>Par ailleurs, 2012 marque le<strong> centenaire de la grange ronde<\/strong> de Mansonville, construite en 1912 par Rob Jersey. Savez-vous qu\u2019il ne reste plus que cinq granges rondes au Qu\u00e9bec ? Quelle chance nous avons d\u2019en compter une dans notre patrimoine! Le comit\u00e9 du Centenaire de la grange ronde, pr\u00e9sid\u00e9 par Hans et compos\u00e9 de plusieurs membres du c.a. de l\u2019APP, pr\u00e9pare actuellement les c\u00e9l\u00e9brations qui se tiendront au cours de l\u2019\u00e9t\u00e9 pour marquer cet \u00e9v\u00e8nement. Une date vous sera bient\u00f4t communiqu\u00e9e, d\u00e8s que l\u2019\u00e9ch\u00e9ancier des travaux d\u2019am\u00e9nagement de la grange et de ses alentours sera connu. Mais je peux d\u00e9j\u00e0 vous inviter \u00e0 sortir vos recettes, car il y aura un concours de tartes \u00e0 l\u2019ancienne!<\/p>\n<p>Vous noterez \u00e9galement que, cette ann\u00e9e, le march\u00e9 public se tiendra \u00e0 la place de la Grange-Ronde.<\/p>\n<p>En terminant, je suis fi\u00e8re de souligner que, depuis sa cr\u00e9ation en 1990, l\u2019Association repose sur le b\u00e9n\u00e9volat de ses membres et s\u2019est donn\u00e9 comme mission de mettre en valeur et de prot\u00e9ger le patrimoine du Canton. Je n\u2019ai pas \u00e0 \u00e9num\u00e9rer ici nos r\u00e9alisations, puisque vous les connaissez pour y avoir particip\u00e9. Je dois toutefois faire un rappel d\u2019un autre ordre. Notre tr\u00e9sorier par int\u00e9rim, Serge, tient \u00e0 jour le bottin des membres en r\u00e8gle. Je remercie tous ceux et celles parmi vous qui ont d\u00e9j\u00e0 renouvel\u00e9 leur adh\u00e9sion. Mais j\u2019aimerais rappeler aux retardataires que la cotisation familiale passera de 30$ \u00e0 35$ le 1er juillet prochain.<\/p>\n<p>Je vous souhaite donc le plus merveilleux des \u00e9t\u00e9s, avec tout le plaisir souhait\u00e9, le soleil et bien s\u00fbr la sant\u00e9 !<\/p>\n<p><strong>Sandra Jewett<\/strong><br \/>\n<strong>Pr\u00e9sidente<\/strong><\/p>\n<p>&nbsp;<\/p>\n","protected":false},"excerpt":{"rendered":"<p>Bonjour \u00e0 tous D\u00e9j\u00e0 deux mois se sont \u00e9coul\u00e9s depuis l\u2019Assembl\u00e9e g\u00e9n\u00e9rale annuelle, et \u00e0 titre de pr\u00e9sidente de l\u2019Association, je m\u2019\u00e9tais promis de vous faire parvenir de temps en temps un court bulletin d\u2019information; en voici donc la premi\u00e8re \u00e9dition ! Vous avez re\u00e7u le programme des activit\u00e9s et excursions de la saison estivale [&hellip;]<\/p>\n","protected":false},"author":5,"featured_media":0,"comment_status":"closed","ping_status":"closed","sticky":false,"template":"","format":"standard","meta":{"ngg_post_thumbnail":0,"footnotes":""},"categories":[5],"tags":[],"class_list":["post-1839","post","type-post","status-publish","format-standard","hentry","category-com-0"],"_links":{"self":[{"href":"https:\/\/patrimoinepotton.org\/index.php?rest_route=\/wp\/v2\/posts\/1839","targetHints":{"allow":["GET"]}}],"collection":[{"href":"https:\/\/patrimoinepotton.org\/index.php?rest_route=\/wp\/v2\/posts"}],"about":[{"href":"https:\/\/patrimoinepotton.org\/index.php?rest_route=\/wp\/v2\/types\/post"}],"author":[{"embeddable":true,"href":"https:\/\/patrimoinepotton.org\/index.php?rest_route=\/wp\/v2\/users\/5"}],"replies":[{"embeddable":true,"href":"https:\/\/patrimoinepotton.org\/index.php?rest_route=%2Fwp%2Fv2%2Fcomments&post=1839"}],"version-history":[{"count":0,"href":"https:\/\/patrimoinepotton.org\/index.php?rest_route=\/wp\/v2\/posts\/1839\/revisions"}],"wp:attachment":[{"href":"https:\/\/patrimoinepotton.org\/index.php?rest_route=%2Fwp%2Fv2%2Fmedia&parent=1839"}],"wp:term":[{"taxonomy":"category","embeddable":true,"href":"https:\/\/patrimoinepotton.org\/index.php?rest_route=%2Fwp%2Fv2%2Fcategories&post=1839"},{"taxonomy":"post_tag","embeddable":true,"href":"https:\/\/patrimoinepotton.org\/index.php?rest_route=%2Fwp%2Fv2%2Ftags&post=1839"}],"curies":[{"name":"wp","href":"https:\/\/api.w.org\/{rel}","templated":true}]}}