{"id":8647,"date":"2021-12-02T10:33:15","date_gmt":"2021-12-02T15:33:15","guid":{"rendered":"https:\/\/patrimoinepotton.org\/?p=8647"},"modified":"2023-05-05T20:58:40","modified_gmt":"2023-05-06T00:58:40","slug":"hommage-a-gerard-leduc","status":"publish","type":"post","link":"https:\/\/patrimoinepotton.org\/?p=8647","title":{"rendered":"Hommage \u00e0 G\u00e9rard Leduc"},"content":{"rendered":"\n<p style=\"text-align: justify;\">\u00c0 quelques jours de la publication d&rsquo;un num\u00e9ro sp\u00e9cial de la revue Histoire Potton History pour marquer le 30<sup>e<\/sup> anniversaire de l&rsquo;Association, nous apprenons le d\u00e9c\u00e8s de G\u00e9rard Leduc, fondateur de l&rsquo;Association.<\/p>\n\n\n\n<div class=\"wp-block-image\"><figure class=\"aligncenter size-large is-resized\"><img loading=\"lazy\" decoding=\"async\" src=\"https:\/\/patrimoinepotton.org\/blogue\/wp-content\/uploads\/2021\/12\/Gerard-1024x738.jpg\" alt=\"\" class=\"wp-image-8648\" width=\"512\" height=\"369\" srcset=\"https:\/\/patrimoinepotton.org\/blogue\/wp-content\/uploads\/2021\/12\/Gerard-1024x738.jpg 1024w, https:\/\/patrimoinepotton.org\/blogue\/wp-content\/uploads\/2021\/12\/Gerard-300x216.jpg 300w, https:\/\/patrimoinepotton.org\/blogue\/wp-content\/uploads\/2021\/12\/Gerard-768x554.jpg 768w, https:\/\/patrimoinepotton.org\/blogue\/wp-content\/uploads\/2021\/12\/Gerard.jpg 1153w\" sizes=\"auto, (max-width: 512px) 100vw, 512px\" \/><\/figure><\/div>\n\n\n\n<p style=\"text-align: justify;\">Pour rendre hommage \u00e0 G\u00e9rard, nous vous offrons le tir\u00e9 \u00e0 part d&rsquo;un article de Sandra Jewett qui trace le parcours de G\u00e9rard \u00e0 l&rsquo;Association du patrimoine de Potton.<\/p>\n\n\n\n<div class=\"wp-block-buttons is-layout-flex wp-block-buttons-is-layout-flex\">\n<div class=\"wp-block-button has-custom-width wp-block-button__width-100\"><a class=\"wp-block-button__link has-dark-red-color has-light-gray-background-color has-text-color has-background\" href=\"https:\/\/patrimoinepotton.org\/?dl_id=169\" style=\"border-radius:1px\">g\u00e9rard leduc, fondateur de l&rsquo;association<\/a><\/div>\n<\/div>\n\n\n","protected":false},"excerpt":{"rendered":"","protected":false},"author":5,"featured_media":0,"comment_status":"closed","ping_status":"closed","sticky":false,"template":"","format":"standard","meta":{"ngg_post_thumbnail":0,"footnotes":""},"categories":[5],"tags":[107],"class_list":["post-8647","post","type-post","status-publish","format-standard","hentry","category-com-0","tag-hommages"],"_links":{"self":[{"href":"https:\/\/patrimoinepotton.org\/index.php?rest_route=\/wp\/v2\/posts\/8647","targetHints":{"allow":["GET"]}}],"collection":[{"href":"https:\/\/patrimoinepotton.org\/index.php?rest_route=\/wp\/v2\/posts"}],"about":[{"href":"https:\/\/patrimoinepotton.org\/index.php?rest_route=\/wp\/v2\/types\/post"}],"author":[{"embeddable":true,"href":"https:\/\/patrimoinepotton.org\/index.php?rest_route=\/wp\/v2\/users\/5"}],"replies":[{"embeddable":true,"href":"https:\/\/patrimoinepotton.org\/index.php?rest_route=%2Fwp%2Fv2%2Fcomments&post=8647"}],"version-history":[{"count":0,"href":"https:\/\/patrimoinepotton.org\/index.php?rest_route=\/wp\/v2\/posts\/8647\/revisions"}],"wp:attachment":[{"href":"https:\/\/patrimoinepotton.org\/index.php?rest_route=%2Fwp%2Fv2%2Fmedia&parent=8647"}],"wp:term":[{"taxonomy":"category","embeddable":true,"href":"https:\/\/patrimoinepotton.org\/index.php?rest_route=%2Fwp%2Fv2%2Fcategories&post=8647"},{"taxonomy":"post_tag","embeddable":true,"href":"https:\/\/patrimoinepotton.org\/index.php?rest_route=%2Fwp%2Fv2%2Ftags&post=8647"}],"curies":[{"name":"wp","href":"https:\/\/api.w.org\/{rel}","templated":true}]}}